{"id":445,"date":"2010-04-30T13:34:23","date_gmt":"2010-04-30T12:34:23","guid":{"rendered":"http:\/\/jgomez.webs.upv.es\/?p=445"},"modified":"2010-05-02T11:30:48","modified_gmt":"2010-05-02T10:30:48","slug":"ipad-no-es-un-pajaro-no-es-un-avion-no-es-superman","status":"publish","type":"post","link":"https:\/\/jgomez.webs.upv.es\/?p=445","title":{"rendered":"iPad: no es un p\u00e1jaro, no es un avi\u00f3n, NO es Superman"},"content":{"rendered":"<div id=\"attachment_446\" style=\"width: 522px\" class=\"wp-caption aligncenter\"><a href=\"https:\/\/jgomez.webs.upv.es\/wordpress\/wp-content\/uploads\/2010\/04\/IMG_0007.jpg\"><img loading=\"lazy\" decoding=\"async\" aria-describedby=\"caption-attachment-446\" class=\"size-full wp-image-446 \" title=\"IMG_0007\" src=\"https:\/\/jgomez.webs.upv.es\/wordpress\/wp-content\/uploads\/2010\/04\/IMG_0007.jpg\" alt=\"\" width=\"512\" height=\"384\" srcset=\"https:\/\/jgomez.webs.upv.es\/wordpress\/wp-content\/uploads\/2010\/04\/IMG_0007.jpg 640w, https:\/\/jgomez.webs.upv.es\/wordpress\/wp-content\/uploads\/2010\/04\/IMG_0007-300x225.jpg 300w\" sizes=\"auto, (max-width: 512px) 100vw, 512px\" \/><\/a><p id=\"caption-attachment-446\" class=\"wp-caption-text\">Photos en el iPad<\/p><\/div>\n<p>Es el iPad. El viernes 23 de abril, a las 17:30 me escapaba del ensayo del coro de \u00abLa fille du regiment\u00bb para recoger el paquete que el mensajero de Fedex sujetaba frente a la puerta de la Escuela de Ingenieros de Caminos de la Universidad Polit\u00e9cnica de Valencia. Tras mis llamadas, esa misma ma\u00f1ana, al servicio de atenci\u00f3n al cliente de Fedex, ya me hab\u00eda hecho a la idea de que no llegar\u00eda hasta el lunes, con lo que la recogida del paquete fue particularmente reconfortante, a\u00fan cuando me acabaran cobrando 25 euros adicionales de gastos de aduana que, supuestamente, estaban incluidos en el env\u00edo.<\/p>\n<p>All\u00ed estaba yo, en la calle, con mi paquete de Fedex sin abrir, y con la obligaci\u00f3n de regresar al ensayo, que todav\u00eda durar\u00eda unas tres horas m\u00e1s. Aunque estuve tentado de abrir el paquete all\u00ed mismo y ver su contenido, decid\u00ed ir al coche, dejarlo en el maletero, y volver al ensayo. Era el feliz poseedor de un iPad, pero nadie lo sab\u00eda, y no pod\u00eda compartirlo con mis compa\u00f1eros de ensayo, que estaban (est\u00e1bamos) concentrados en las indicaciones del director. Me sent\u00eda, salvando las distancias, como aquel infame 23 de febrero, cuando en el descanso de la clase de Derecho Administrativo unos pocos nos enteramos de que acababan de entrar unos guardias civiles en el Congreso, y yo decid\u00ed inmediatamente abandonar \u00abel poli\u00bb y regresar a casa; en el trayecto de autob\u00fas tuve esa extra\u00f1a sensaci\u00f3n de que yo ten\u00eda informaci\u00f3n a la que los de mi alrededor eran ajenos, y sent\u00eda la necesidad de compartirla. Afortunadamente, este 23 de abril, la informaci\u00f3n que ten\u00eda y quer\u00eda compartir era mucho m\u00e1s fr\u00edvola y de menos alcance.<\/p>\n<div id=\"attachment_434\" style=\"width: 160px\" class=\"wp-caption alignleft\"><a href=\"https:\/\/jgomez.webs.upv.es\/wordpress\/wp-content\/uploads\/2010\/04\/IMG_0253.jpg\"><img loading=\"lazy\" decoding=\"async\" aria-describedby=\"caption-attachment-434\" class=\"size-thumbnail wp-image-434\" title=\"Mantel a cuadros\" src=\"https:\/\/jgomez.webs.upv.es\/wordpress\/wp-content\/uploads\/2010\/04\/IMG_0253-150x150.jpg\" alt=\"\" width=\"150\" height=\"150\" \/><\/a><p id=\"caption-attachment-434\" class=\"wp-caption-text\">Ya lleg\u00f3, ya est\u00e1 aqu\u00ed<\/p><\/div>\n<p>No fue hasta las 22:30 que abr\u00ed el paquete. Encima de la mesa de la cocina hice las primeras fotos, y comuniqu\u00e9 la buena nueva al mundo. Desde entonces he estado trasteando con el aparato. \u00c9stas son mis primeras experiencias.<\/p>\n<p>El iPad ni es un p\u00e1jaro, ni es un avi\u00f3n, ni es Superman, tampoco es un ordenador, ni un lector de libros electr\u00f3nicos, ni un tel\u00e9fono de \u00faltima generaci\u00f3n, ni un iPod Touch con esteroides. El iPad es&#8230; una experiencia m\u00edstica. Seguro que soy parcial, y mi pasi\u00f3n por los productos de la factor\u00eda Apple &#8211;pasi\u00f3n sostenida desde que pudiera comprarme un Macintosh Plus en enero de 1986&#8212; hace que exagere algunos de mis calificativos. El que he comprado es el de 32 GB, con WIFI y, por supuesto, sin 3G, el \u00fanico modelo que les quedaba a los de DontRetail.com cuando hice el pedido. Lo desembalo, lo enciendo y lo primero que aparece en la pantalla es una imagen del cable USB y la indicaci\u00f3n de que hay que conectarlo al ordenador para activarlo a trav\u00e9s de iTunes. La misma imagen que en el iPhone, pero m\u00e1s grande. Primer momento de desasosiego, \u00bfdetectar\u00e1 iTunes que estoy intentando activarlo desde un ordenador en un pa\u00eds en el que todav\u00eda no se distribuye? Si Apple fuera la SGAE seguro que ese mero hecho provocar\u00eda un borrado autom\u00e1tico de los contenidos del iPad y la aparici\u00f3n de la cara del T\u00edo Sam se\u00f1al\u00e1ndome y diciendo \u00abYou&#8217;re being watched\u00bb. De todos modos, el desasosiego es menor, porque tengo instalado \u00ab<a href=\"http:\/\/www.anchorfree.com\/\" target=\"_blank\">Hotspot shield<\/a>\u00bb un programa que te da acceso gratuito a una \u00abVirtual Private Network\u00bb que te despacha una IP americana, y caso de que iTunes reconozca mi IP como espa\u00f1ola y eso sea un inconveniente me disfrazar\u00eda como americano parapetado tras mi Hotspot. (Nota al margen: \u00abHotspot shield\u00bb es genial si quieres tener acceso a contenidos americanos a los que s\u00f3lo se puede acceder desde EE.UU. como por ejemplo \u00ab<a href=\"http:\/\/www.cbs.com\/late_night\/late_show\/\" target=\"_blank\">Late Show with David Letterman<\/a>\u00ab, quien el 1 de abril hizo una <a href=\"http:\/\/www.youtube.com\/watch?v=EqwI-Myg9Bo\" target=\"_blank\">parodia con el iPad<\/a> como s\u00f3lo \u00e9l sabe hacer.)<\/p>\n<p>Conecto el iPad al ordenador, lanzo iTunes, reconoce el iPad, pide que le de un nombre, salto el proceso de registro e inmediatamente aparece una pantalla en la que me pide si quiero restaurarlo a partir de una de las copias de seguridad del iPhone. En este momento dudo qu\u00e9 hacer, restaurar desde el iPhone supone que copiar\u00e1 las preferencias del iPhone, las cuentas de correo, las canciones, \u00bfcopiar\u00e1 tambi\u00e9n los programas que tengo instalados en el iPhone?\u2026 Todav\u00eda no he cenado (informaci\u00f3n importante) as\u00ed que acepto la restauraci\u00f3n desde el iPhone y que se complete mientras como algo; si algo sale mal, todav\u00eda no he hecho nada con \u00e9l as\u00ed que puedo hacer una puesta a cero a trav\u00e9s de iTunes. \u00abSync in progress.\u00bb \u00abTime for dinner.\u00bb<\/p>\n<div id=\"attachment_436\" style=\"width: 160px\" class=\"wp-caption alignleft\"><a href=\"https:\/\/jgomez.webs.upv.es\/wordpress\/wp-content\/uploads\/2010\/04\/IMG_0255.jpg\"><img loading=\"lazy\" decoding=\"async\" aria-describedby=\"caption-attachment-436\" class=\"size-thumbnail wp-image-436\" title=\"iPad sincronizando\" src=\"https:\/\/jgomez.webs.upv.es\/wordpress\/wp-content\/uploads\/2010\/04\/IMG_0255-150x150.jpg\" alt=\"\" width=\"150\" height=\"150\" \/><\/a><p id=\"caption-attachment-436\" class=\"wp-caption-text\">Con la luz apagada para evitar los reflejos<\/p><\/div>\n<p>Vuelvo de la cena, Inma me mira desde el sof\u00e1 sabedora de que hoy no me voy a sentar a ver ninguno de los cap\u00edtulos que nos queda por ver de la cuarta temporada de \u00ab<a href=\"http:\/\/www.youtube.com\/watch?v=PDITTtd1LJk\" target=\"_blank\">Dexter<\/a>\u00bb y me pregunta \u00bfqu\u00e9 tal va?. Pues va bien, aparentemente. La sincronizaci\u00f3n ha terminado. Hay un di\u00e1logo que me informa de que ha habido problemas sincronizando ciertas canciones (ya lo s\u00e9, son los archivos midi que uso para los ensayos y que no se pueden reproducir ni el iPhone ni el iPad). En las preferencias ahora tengo definidas las mismas opciones que en el iPhone, se han copiado las fotos de iPhoto, y las canciones de iTunes, las marcas de Safari, y poca cosa m\u00e1s. No hay programas nuevos, no hay cuentas de correo definidas, as\u00ed que investigo las distintas pesta\u00f1as de iTunes que aparecen tras seleccionar el iPad, parece que por defecto todo (\u00bfmenos las fotos y las canciones?) est\u00e1 marcado como que no debe de sincronizarse. As\u00ed que decido hacer una sincronizaci\u00f3n de unas pocas aplicaciones del iPhone &#8211;las que s\u00e9 que no van a dar error de sincronizaci\u00f3n&#8211; y de la agenda de contactos. Sin problemas. Accedo a la WIFI. Lanzo algunos programas: Photos, Safari, Maps, Video, iPad, \u2026 funcionan igual que cuando el iPad estaba en el regazo de Steve Jobs durante la presentaci\u00f3n del producto. De hecho, me sorprende que funcionen exactamente igual y que pr\u00e1cticamente todas las caracter\u00edsticas novedosas de estas aplicaciones con respecto a sus equivalentes en el iPhone ya nos las hubiera ense\u00f1ado Steve en la presentaci\u00f3n, no dejando nada por descubrir.<\/p>\n<p>Siguiente paso, configurar correo y agenda a trav\u00e9s de Exchange con mi cuenta de gmail. Aqu\u00ed surgen algunos problemas. Configuro la cuenta de gmail a trav\u00e9s de las preferencias, tal y como ya lo hice en el iPhone, pero cuando lanzo Mail s\u00f3lo veo la estela dando vueltas y el mensaje \u00abChecking for Mail&#8230;\u00bb pero nada pasa. Navego por internet a ver si hay algo espec\u00edfico para el iPad que no estoy haciendo, pero no encuentro nada. La conexi\u00f3n a internet es buena, puedo leer mi correo a trav\u00e9s de Safari usando la nueva interface que Google ha dise\u00f1ado para el acceso desde el iPad. No consigo resolverlo. (A la ma\u00f1ana siguiente, el correo est\u00e1 perfectamente configurado, el icono de Mail muestra el n\u00famero de mensajes por leer, est\u00e1n todas las carpetas, \u2026)<\/p>\n<p>Siguiente paso, conseguir iBooks. Una de las razones por las que compro el iPad es para usarlo como lector de libros electr\u00f3nicos, tanto en formato texto, epub, o similar, como en formato pdf. Pero iBooks no viene de serie con el sistema. Durante la sincronizaci\u00f3n con la informaci\u00f3n del iPhone, la Apple ID ha sido cargada al iPad. Lanzo la AppStore, parece que empieza a cargar, pero antes de que aparezca nada en pantalla salta un mensaje de aviso diciendo que la AppStore no est\u00e1 disponible en este pa\u00eds. Lo reintento varias veces sin \u00e9xito. Lo intento desde el Mac, voy a la iTunes Store y busco iBooks, ni rastro del lector de libros de Apple, salen un par de referencias irrelevantes. Est\u00e1 claro que hasta que no se ponga a la venta el iPad en Espa\u00f1a no va a ser posible descargar programas para el iPad. Entonces, recuerdo una entrada en <a href=\"http:\/\/abrefacil.net\">abrefacil.net<\/a> donde explicaba c<a href=\"http:\/\/www.abrefacil.net\/2010\/03\/crear-una-cuenta-de-itunes-en-usa-sin.html\" target=\"_blank\">\u00f3mo darse de alta una cuenta en el AppStore americano<\/a> sin necesidad de tarjeta de cr\u00e9dito. Lo intento desde el iPad, pero no es posible. Lo intento desde el Macbook, elijo la opci\u00f3n de \u00abno especificar el medio de pago\u00bb, coloco una de las direcciones que tuve en EE.UU. cuando viv\u00eda all\u00ed, e, incre\u00edblemente, funciona. (M\u00e1s tarde volver\u00eda a intentarlo para dar de alta otra cuenta, y ya no pude, la opci\u00f3n de dar de alta la cuenta sin especificar el medio de pago no volvi\u00f3 a aparecer, que alguien me lo explique.) Encuentro la iBooks, que descargo, y unos cuantos programas gratuitos m\u00e1s.<\/p>\n<p style=\"text-align: center;\"><a href=\"https:\/\/jgomez.webs.upv.es\/wordpress\/wp-content\/uploads\/2010\/04\/IMG_0003.jpg\"><img loading=\"lazy\" decoding=\"async\" class=\"size-full wp-image-453 aligncenter\" title=\"IMG_0003\" src=\"https:\/\/jgomez.webs.upv.es\/wordpress\/wp-content\/uploads\/2010\/04\/IMG_0003.jpg\" alt=\"iBooks descargado\" width=\"512\" height=\"384\" srcset=\"https:\/\/jgomez.webs.upv.es\/wordpress\/wp-content\/uploads\/2010\/04\/IMG_0003.jpg 640w, https:\/\/jgomez.webs.upv.es\/wordpress\/wp-content\/uploads\/2010\/04\/IMG_0003-300x225.jpg 300w\" sizes=\"auto, (max-width: 512px) 100vw, 512px\" \/><\/a><\/p>\n<p style=\"text-align: left;\">Abro el iBooks, en la estanter\u00eda viene el libro de Winnie-de-poh, que hojeo. Muy agradable de leer, un contraste excepcional, puedes jugar con el tama\u00f1o de letra, con la orientaci\u00f3n de la p\u00e1gina, marcap\u00e1ginas, &#8230;. Pero, \u00bfqu\u00e9 es esto? \u00bfestas bandas sombreadas junto a uno de los bordes de la pantalla? En la imagen pod\u00e9is ver a qu\u00e9 me refiero, no s\u00e9 si es un problema de mi aparato en concreto o ocurre en todos ellos, pero esa imposibilidad de conseguir un blanco uniforme en los bordes de la pantalla me recuerdan a los primeros monitores de cristal l\u00edquido.<\/p>\n<div id=\"attachment_454\" style=\"width: 522px\" class=\"wp-caption aligncenter\"><a href=\"https:\/\/jgomez.webs.upv.es\/wordpress\/wp-content\/uploads\/2010\/04\/IMG_0259.jpg\"><img loading=\"lazy\" decoding=\"async\" aria-describedby=\"caption-attachment-454\" class=\"size-full wp-image-454 \" title=\"IMG_0259\" src=\"https:\/\/jgomez.webs.upv.es\/wordpress\/wp-content\/uploads\/2010\/04\/IMG_0259.jpg\" alt=\"\" width=\"512\" height=\"184\" srcset=\"https:\/\/jgomez.webs.upv.es\/wordpress\/wp-content\/uploads\/2010\/04\/IMG_0259.jpg 640w, https:\/\/jgomez.webs.upv.es\/wordpress\/wp-content\/uploads\/2010\/04\/IMG_0259-300x107.jpg 300w\" sizes=\"auto, (max-width: 512px) 100vw, 512px\" \/><\/a><p id=\"caption-attachment-454\" class=\"wp-caption-text\">mala retroiluminaci\u00f3n<\/p><\/div>\n<p>He o\u00eddo hablar del <a href=\"http:\/\/itunes.apple.com\/us\/app\/goodreader-large-pdf-viewer\/id306277111?mt=8\" target=\"_blank\">GoodReader<\/a> como un excelente lector de pdfs. Ya he podido comprobar que la lectura de pdfs va a ser buena tras enviarme alguno por correo como adjunto, pero el lector integrado del sistema operativo no te permite pasar p\u00e1gina a p\u00e1gina como si estuvieras leyendo un libro, entre otras cosas. Intento comprarlo en al AppStore, pero en el momento de la descarga solicita un medio de pago. Le doy mi tarjeta de cr\u00e9dito y una direcci\u00f3n postal en EE.UU., tras unos segundos me informa que \u00abla informaci\u00f3n proporcionada por su banco no coincide con la que aporta\u00bb, pienso que a lo mejor es el nombre, que no he puesto los dos apellidos ni el nombre compuesto, lo intento de nuevo, sin \u00e9xito. As\u00ed hasta cinco veces con distintas tarjetas de cr\u00e9dito y distintas combinaciones de los campos obligatorios. Y hasta cinco veces la AppStore me impedir\u00eda comprar GoodReader. (A la 9:00am del d\u00eda siguiente, suena mi iPhone, son del sistema antifraude de tarjetas de cr\u00e9dito de RuralCaja, que han detectado cinco cargos de 1 euro en dos de mis tarjetas en el App-iTunes y que quer\u00edan comprobar si las hab\u00eda hecho. Se encienden las alarmas. Pero, si no pude comprar nada de nada, \u00bfc\u00f3mo que me han cargado cinco euros? Adem\u00e1s, el GoodReader no llegaba a un euro. Parece ser que en cada solicitud de verificaci\u00f3n de tarjeta de cr\u00e9dito, la AppStore solicita la autorizaci\u00f3n de un cargo de una unidad de moneda del pa\u00eds de emisi\u00f3n de la tarjeta, aunque despu\u00e9s no compensa el cargo.) Cansado me desconecto de la tienda americana y vuelvo a reconectarme a la espa\u00f1ola.<\/p>\n<p>No GoodReader. Busco la p\u00e1gina web de GoodReader en el Mac, leo las bondades del lector, y pincho (no se por qu\u00e9) en el bot\u00f3n de descarga. Autom\u00e1ticamente se abre iTunes en el Store espa\u00f1ol y muestra las versiones disponibles del programa: para iPhone y para iPad. Pulso en descargar la versi\u00f3n del iPad y, maravilla de las maravillas, GoodReader se descarga al ordenador. Inmediatamente sincronizo el iPad y all\u00ed est\u00e1. Descubro, por tanto, que la tienda espa\u00f1ola tambi\u00e9n tiene aplicaciones para el iPad, aunque no est\u00e9 el iBooks, ni ninguna de las aplicaciones de iWorks. GoodReader funciona de maravilla y como lector de libros en pdf se comporta como tal. \u00a1Qu\u00e9 gusto poder leer un libro de texto con ecuaciones o un c\u00f3mic, magnificar la imagen para ver los detalles, y pasar p\u00e1gina con un simple golpe en el inferior de la pantalla!<\/p>\n<p>Pruebo las aplicaciones del iPhone que se han instalado. Se abre una peque\u00f1a ventana en el centro del iPad, un poco m\u00e1s grande que la pantalla del iPhone. Al pulsar el bot\u00f3n 2x se amplifica hasta ocupar toda la pantalla pero la degradaci\u00f3n de la imagen y el pixelado son evidentes. Las aplicaciones funcionan, pero para un producto de dise\u00f1o, el tener que trabajar con tan mala calidad de imagen le resta todo su encanto.<\/p>\n<div id=\"attachment_457\" style=\"width: 235px\" class=\"wp-caption aligncenter\"><a href=\"https:\/\/jgomez.webs.upv.es\/wordpress\/wp-content\/uploads\/2010\/04\/IMG_0009.png\"><img loading=\"lazy\" decoding=\"async\" aria-describedby=\"caption-attachment-457\" class=\"size-medium wp-image-457\" title=\"IMG_0009\" src=\"https:\/\/jgomez.webs.upv.es\/wordpress\/wp-content\/uploads\/2010\/04\/IMG_0009-225x300.png\" alt=\"\" width=\"225\" height=\"300\" srcset=\"https:\/\/jgomez.webs.upv.es\/wordpress\/wp-content\/uploads\/2010\/04\/IMG_0009-225x300.png 225w, https:\/\/jgomez.webs.upv.es\/wordpress\/wp-content\/uploads\/2010\/04\/IMG_0009.png 768w\" sizes=\"auto, (max-width: 225px) 100vw, 225px\" \/><\/a><p id=\"caption-attachment-457\" class=\"wp-caption-text\">Skype for iPhone<\/p><\/div>\n<p>Se me olvidaba comentar. En el momento en que instal\u00e9 el iBooks, apareci\u00f3 un nuevo elemento en la columna izquierda de iTunes y una nueva pesta\u00f1a cuando el iPad est\u00e1 seleccionado que dice \u00abBooks\u00bb. La siguiente pregunta es, \u00bfpuedo cargar los libros que estaba leyendo en el Kindle?. Sin problemas, con <a href=\"http:\/\/www.lexcycle.com\/\" target=\"_blank\">Stanza<\/a>, se puede convertir una gran variedad de documentos a formato epub. Una vez creado el documento epub s\u00f3lo hay que dejarlo caer en el recientemente aparecido icono \u00abBooks\u00bb en iTunes. As\u00ed que ya tengo acceso a cualquier libro del proyecto Gutemberg, o de la biblioteca virtual Cervantes.<\/p>\n<p>Y, \u00bfcu\u00e1les son realmente mis impresiones?<\/p>\n<p>A favor: Apple ha vuelto a crear un artilugio (todav\u00eda no encuentro el sustantivo que lo describe) con un dise\u00f1o espectacular, y cuyo uso cambiar\u00e1 nuestros h\u00e1bitos. El iPad responde con una rapidez y con una suavidad inigualables. Navegar por la red, leer un documento, ver una pel\u00edcula, o un v\u00eddeo de YouTube, tienen ahora otro sentido. Las im\u00e1genes son brillantes, con un gran contraste, la rapidez con que el aparato responde a los gestos para hacer zum, el desplazamiento inercial de los objetos, la inexistencia de perif\u00e9ricos, es simplemente la experiencia (m\u00edstica) de t\u00fa con tu iPad. No es una herramienta de trabajo, aunque se puede usar para trabajar. Es claramente una herramienta de entretenimiento. No es un tel\u00e9fono, pero se puede usar como tel\u00e9fono, acabo de instalar Skype (versi\u00f3n iPhone) para comprobarlo. Las aplicaciones que vienen de serie llevan la marca Apple y simplemente jugar con ellas es una experiencia en s\u00ed misma. Al no haber perif\u00e9ricos, no hay teclado, pero el teclado en pantalla, especialmente cuando se utiliza en apaisado, es tan c\u00f3modo como un teclado normal.<\/p>\n<div id=\"attachment_455\" style=\"width: 310px\" class=\"wp-caption aligncenter\"><a href=\"https:\/\/jgomez.webs.upv.es\/wordpress\/wp-content\/uploads\/2010\/04\/IMG_0257.jpg\"><img loading=\"lazy\" decoding=\"async\" aria-describedby=\"caption-attachment-455\" class=\"size-medium wp-image-455\" title=\"IMG_0257\" src=\"https:\/\/jgomez.webs.upv.es\/wordpress\/wp-content\/uploads\/2010\/04\/IMG_0257-300x225.jpg\" alt=\"\" width=\"300\" height=\"225\" srcset=\"https:\/\/jgomez.webs.upv.es\/wordpress\/wp-content\/uploads\/2010\/04\/IMG_0257-300x225.jpg 300w, https:\/\/jgomez.webs.upv.es\/wordpress\/wp-content\/uploads\/2010\/04\/IMG_0257.jpg 640w\" sizes=\"auto, (max-width: 300px) 100vw, 300px\" \/><\/a><p id=\"caption-attachment-455\" class=\"wp-caption-text\">Reflejos<\/p><\/div>\n<p>En contra: No me puedo creer el problema de retroiluminaci\u00f3n en los bordes, esperar\u00e9 a comprobar si es un problema espec\u00edfico de mi aparato. Echo de menos en el teclado el tabulador (para navegar entre campos) y la tecla de fijaci\u00f3n de may\u00fasculas, y no me gusta c\u00f3mo han resuelto el tema de los acentos. La \u00f1 aparece en el teclado cuando seleccionas en las preferencias el teclado espa\u00f1ol, y las vocales acentuadas se eligen autom\u00e1ticamente cuando mantienes pulsada la tecla de la vocal por una fracci\u00f3n de segundo, pero esa espera, aunque corta, me resulta inc\u00f3moda. Los casi 700 g de peso, se notan. No se puede utilizar con una mano durante mucho tiempo, e incluso con dos manos acaba cansando. Es por ello que en cuanto al iPad como lector de libros electr\u00f3nicos, creo que para la lectura lineal de literatura voy a seguir utilizando el Kindle, es menos bonito pero pesa poco m\u00e1s de 250 g, el iPad lo usar\u00e9 para la lectura de pdfs y de cualquier otro documento con profusi\u00f3n de im\u00e1genes, gr\u00e1ficos, tablas o ecuaciones. La pantalla con su alta capacidad reflectante se puede usar como espejo cuando la iluminaci\u00f3n lo permite (los reflejos son bastante insufribles, vamos).<\/p>\n<p>No es un ordenador, no es un tel\u00e9fono, es un iPad.<\/p>\n","protected":false},"excerpt":{"rendered":"<p>Es el iPad. El viernes 23 de abril, a las 17:30 me escapaba del ensayo del coro de \u00abLa fille du regiment\u00bb para recoger el paquete que el mensajero de Fedex sujetaba frente a la puerta de la Escuela de Ingenieros de Caminos de la Universidad Polit\u00e9cnica de Valencia. Tras mis llamadas, esa misma ma\u00f1ana, [&hellip;]<\/p>\n","protected":false},"author":1,"featured_media":0,"comment_status":"open","ping_status":"closed","sticky":false,"template":"","format":"standard","meta":{"_monsterinsights_skip_tracking":false,"_monsterinsights_sitenote_active":false,"_monsterinsights_sitenote_note":"","_monsterinsights_sitenote_category":0,"_uf_show_specific_survey":0,"_uf_disable_surveys":false,"jetpack_post_was_ever_published":false,"_jetpack_newsletter_access":"","_jetpack_dont_email_post_to_subs":false,"_jetpack_newsletter_tier_id":0,"_jetpack_memberships_contains_paywalled_content":false,"_jetpack_memberships_contains_paid_content":false,"footnotes":"","jetpack_publicize_message":"","jetpack_publicize_feature_enabled":true,"jetpack_social_post_already_shared":false,"jetpack_social_options":{"image_generator_settings":{"template":"highway","default_image_id":0,"font":"","enabled":false},"version":2}},"categories":[60],"tags":[63,71,69,70,68,107,67],"class_list":["post-445","post","type-post","status-publish","format-standard","hentry","category-ipad","tag-appstore","tag-david-letterman","tag-goodreader","tag-hotspot","tag-ibooks","tag-ipad","tag-review"],"aioseo_notices":[],"jetpack_publicize_connections":[],"jetpack_featured_media_url":"","jetpack_sharing_enabled":true,"jetpack_shortlink":"https:\/\/wp.me\/px5lD-7b","_links":{"self":[{"href":"https:\/\/jgomez.webs.upv.es\/index.php?rest_route=\/wp\/v2\/posts\/445","targetHints":{"allow":["GET"]}}],"collection":[{"href":"https:\/\/jgomez.webs.upv.es\/index.php?rest_route=\/wp\/v2\/posts"}],"about":[{"href":"https:\/\/jgomez.webs.upv.es\/index.php?rest_route=\/wp\/v2\/types\/post"}],"author":[{"embeddable":true,"href":"https:\/\/jgomez.webs.upv.es\/index.php?rest_route=\/wp\/v2\/users\/1"}],"replies":[{"embeddable":true,"href":"https:\/\/jgomez.webs.upv.es\/index.php?rest_route=%2Fwp%2Fv2%2Fcomments&post=445"}],"version-history":[{"count":13,"href":"https:\/\/jgomez.webs.upv.es\/index.php?rest_route=\/wp\/v2\/posts\/445\/revisions"}],"predecessor-version":[{"id":461,"href":"https:\/\/jgomez.webs.upv.es\/index.php?rest_route=\/wp\/v2\/posts\/445\/revisions\/461"}],"wp:attachment":[{"href":"https:\/\/jgomez.webs.upv.es\/index.php?rest_route=%2Fwp%2Fv2%2Fmedia&parent=445"}],"wp:term":[{"taxonomy":"category","embeddable":true,"href":"https:\/\/jgomez.webs.upv.es\/index.php?rest_route=%2Fwp%2Fv2%2Fcategories&post=445"},{"taxonomy":"post_tag","embeddable":true,"href":"https:\/\/jgomez.webs.upv.es\/index.php?rest_route=%2Fwp%2Fv2%2Ftags&post=445"}],"curies":[{"name":"wp","href":"https:\/\/api.w.org\/{rel}","templated":true}]}}