{"id":1903,"date":"2022-08-23T17:23:59","date_gmt":"2022-08-23T16:23:59","guid":{"rendered":"http:\/\/jgomez.webs.upv.es\/?p=1903"},"modified":"2022-08-23T17:45:30","modified_gmt":"2022-08-23T16:45:30","slug":"gala-de-los-premios-en-diferido","status":"publish","type":"post","link":"https:\/\/jgomez.webs.upv.es\/?p=1903","title":{"rendered":"Gala de los Premios en Diferido"},"content":{"rendered":"<div class=\"wp-block-image\">\n<figure class=\"alignleft size-large is-resized\"><img loading=\"lazy\" decoding=\"async\" src=\"https:\/\/jgomez.webs.upv.es\/wordpress\/wp-content\/uploads\/2022\/08\/LogoCuadardo-1024x1024.jpg\" alt=\"\" class=\"wp-image-1904\" width=\"252\" height=\"252\" srcset=\"https:\/\/jgomez.webs.upv.es\/wordpress\/wp-content\/uploads\/2022\/08\/LogoCuadardo-1024x1024.jpg 1024w, https:\/\/jgomez.webs.upv.es\/wordpress\/wp-content\/uploads\/2022\/08\/LogoCuadardo-300x300.jpg 300w, https:\/\/jgomez.webs.upv.es\/wordpress\/wp-content\/uploads\/2022\/08\/LogoCuadardo-150x150.jpg 150w, https:\/\/jgomez.webs.upv.es\/wordpress\/wp-content\/uploads\/2022\/08\/LogoCuadardo-768x768.jpg 768w, https:\/\/jgomez.webs.upv.es\/wordpress\/wp-content\/uploads\/2022\/08\/LogoCuadardo-1536x1536.jpg 1536w, https:\/\/jgomez.webs.upv.es\/wordpress\/wp-content\/uploads\/2022\/08\/LogoCuadardo-624x624.jpg 624w, https:\/\/jgomez.webs.upv.es\/wordpress\/wp-content\/uploads\/2022\/08\/LogoCuadardo.jpg 1600w\" sizes=\"auto, (max-width: 252px) 100vw, 252px\" \/><\/figure>\n<\/div>\n\n\n<p>En octubre de 2021 tuve la ocasi\u00f3n, coincidiendo con un valle entre olas de COVID, de celebrar los premios que recib\u00ed durante el 2020 pero que nunca me entregaron. Una peque\u00f1a cr\u00f3nica fue publicada en este mismo blog, que se puede leer en <a rel=\"noreferrer noopener\" href=\"http:\/\/jgomez.webs.upv.es\/?p=1755\" target=\"_blank\">este enlace<\/a>. En ella se menciona que, a falta del v\u00eddeo oficial del acto, pod\u00eda verse la grabaci\u00f3n de la retransmisi\u00f3n por YouTube que hice, desde una esquina, para que mi hija Elisa y su marido Carlos pudieran seguir la ceremonia en directo desde Houston en los EE. UU.<\/p>\n\n\n\n<p>El v\u00eddeo \u00aboficial\u00bb ya est\u00e1 disponible, diez meses despu\u00e9s, y en \u00e9l puedes disfrutar de las actuaciones del Profesor Trofnom, Jandro, The Two of Us y Mago Pepo, adem\u00e1s de revivir las an\u00e9cdotas, equ\u00edvocos y emociones de aquel d\u00eda que, con tanto cari\u00f1o, recuerdo. <\/p>\n\n\n\n<figure class=\"wp-block-embed is-type-video is-provider-youtube wp-block-embed-youtube wp-embed-aspect-16-9 wp-has-aspect-ratio\"><div class=\"wp-block-embed__wrapper\">\n<span class=\"embed-youtube\" style=\"text-align:center; display: block;\"><iframe loading=\"lazy\" class=\"youtube-player\" width=\"625\" height=\"352\" src=\"https:\/\/www.youtube.com\/embed\/NVgTDkqr2_M?version=3&#038;rel=1&#038;showsearch=0&#038;showinfo=1&#038;iv_load_policy=1&#038;fs=1&#038;hl=es-ES&#038;autohide=2&#038;wmode=transparent\" allowfullscreen=\"true\" style=\"border:0;\" sandbox=\"allow-scripts allow-same-origin allow-popups allow-presentation allow-popups-to-escape-sandbox\"><\/iframe><\/span>\n<\/div><\/figure>\n\n\n\n<p>Navegaci\u00f3n r\u00e1pida <br>00:00:00 Inicio <br>00:14:56 Actuaci\u00f3n del profesor Trofnom <br>00:40:50 Actuaci\u00f3n de Jandro <br>01:05:18 Actuaci\u00f3n de The Two of Us <br>01:09:59 Actuaci\u00f3n de Mago Pepo<\/p>\n","protected":false},"excerpt":{"rendered":"<p>En octubre de 2021 tuve la ocasi\u00f3n, coincidiendo con un valle entre olas de COVID, de celebrar los premios que recib\u00ed durante el 2020 pero que nunca me entregaron. Una peque\u00f1a cr\u00f3nica fue publicada en este mismo blog, que se puede leer en este enlace. En ella se menciona que, a falta del v\u00eddeo oficial [&hellip;]<\/p>\n","protected":false},"author":1,"featured_media":0,"comment_status":"open","ping_status":"closed","sticky":false,"template":"","format":"standard","meta":{"_monsterinsights_skip_tracking":false,"_monsterinsights_sitenote_active":false,"_monsterinsights_sitenote_note":"","_monsterinsights_sitenote_category":0,"_uf_show_specific_survey":0,"_uf_disable_surveys":false,"jetpack_post_was_ever_published":false,"_jetpack_newsletter_access":"","_jetpack_dont_email_post_to_subs":false,"_jetpack_newsletter_tier_id":0,"_jetpack_memberships_contains_paywalled_content":false,"_jetpack_memberships_contains_paid_content":false,"footnotes":"","jetpack_publicize_message":"","jetpack_publicize_feature_enabled":true,"jetpack_social_post_already_shared":true,"jetpack_social_options":{"image_generator_settings":{"template":"highway","default_image_id":0,"font":"","enabled":false},"version":2}},"categories":[1],"tags":[],"class_list":["post-1903","post","type-post","status-publish","format-standard","hentry","category-publicaciones"],"aioseo_notices":[],"jetpack_publicize_connections":[],"jetpack_featured_media_url":"","jetpack_sharing_enabled":true,"jetpack_shortlink":"https:\/\/wp.me\/px5lD-uH","_links":{"self":[{"href":"https:\/\/jgomez.webs.upv.es\/index.php?rest_route=\/wp\/v2\/posts\/1903","targetHints":{"allow":["GET"]}}],"collection":[{"href":"https:\/\/jgomez.webs.upv.es\/index.php?rest_route=\/wp\/v2\/posts"}],"about":[{"href":"https:\/\/jgomez.webs.upv.es\/index.php?rest_route=\/wp\/v2\/types\/post"}],"author":[{"embeddable":true,"href":"https:\/\/jgomez.webs.upv.es\/index.php?rest_route=\/wp\/v2\/users\/1"}],"replies":[{"embeddable":true,"href":"https:\/\/jgomez.webs.upv.es\/index.php?rest_route=%2Fwp%2Fv2%2Fcomments&post=1903"}],"version-history":[{"count":6,"href":"https:\/\/jgomez.webs.upv.es\/index.php?rest_route=\/wp\/v2\/posts\/1903\/revisions"}],"predecessor-version":[{"id":1910,"href":"https:\/\/jgomez.webs.upv.es\/index.php?rest_route=\/wp\/v2\/posts\/1903\/revisions\/1910"}],"wp:attachment":[{"href":"https:\/\/jgomez.webs.upv.es\/index.php?rest_route=%2Fwp%2Fv2%2Fmedia&parent=1903"}],"wp:term":[{"taxonomy":"category","embeddable":true,"href":"https:\/\/jgomez.webs.upv.es\/index.php?rest_route=%2Fwp%2Fv2%2Fcategories&post=1903"},{"taxonomy":"post_tag","embeddable":true,"href":"https:\/\/jgomez.webs.upv.es\/index.php?rest_route=%2Fwp%2Fv2%2Ftags&post=1903"}],"curies":[{"name":"wp","href":"https:\/\/api.w.org\/{rel}","templated":true}]}}